{"id":775,"date":"2024-06-26T19:14:30","date_gmt":"2024-06-26T19:14:30","guid":{"rendered":"https:\/\/peoplesresearchcouncil.org\/2024\/06\/resumen-de-la-jornada-de-puertas-abiertas-junio-2024\/"},"modified":"2024-06-28T20:13:55","modified_gmt":"2024-06-28T20:13:55","slug":"resumen-de-la-jornada-de-puertas-abiertas-junio-2024","status":"publish","type":"post","link":"https:\/\/peoplesresearchcouncil.org\/es\/2024\/06\/resumen-de-la-jornada-de-puertas-abiertas-junio-2024\/","title":{"rendered":"Resumen de la Jornada de Puertas Abiertas &#8211; Junio, 2024"},"content":{"rendered":"<p>[et_pb_section fb_built=\u00bb1&#8243; _builder_version=\u00bb4.25.2&#8243; _module_preset=\u00bbdefault\u00bb custom_padding=\u00bb3px|||||\u00bb global_colors_info=\u00bb{}\u00bb][et_pb_row _builder_version=\u00bb4.25.2&#8243; _module_preset=\u00bbdefault\u00bb custom_padding=\u00bb3px|||||\u00bb global_colors_info=\u00bb{}\u00bb][et_pb_column type=\u00bb4_4&#8243; _builder_version=\u00bb4.25.2&#8243; _module_preset=\u00bbdefault\u00bb global_colors_info=\u00bb{}\u00bb][et_pb_social_media_follow follow_button=\u00bbon\u00bb icon_color=\u00bb#23365F\u00bb use_icon_font_size=\u00bbon\u00bb icon_font_size=\u00bb30px\u00bb _builder_version=\u00bb4.25.2&#8243; _module_preset=\u00bbdefault\u00bb custom_button=\u00bbon\u00bb button_text_size=\u00bb16px\u00bb button_text_color=\u00bb#23365F\u00bb button_bg_color=\u00bb#e8e8e8&#8243; button_font=\u00bbPoppins|||on|||||\u00bb text_orientation=\u00bbright\u00bb background_layout=\u00bbdark\u00bb custom_padding=\u00bb||0px|||\u00bb locked=\u00bboff\u00bb global_colors_info=\u00bb{}\u00bb icon_color__hover_enabled=\u00bbon|hover\u00bb icon_color__hover=\u00bb#FF8C06&#8243; button_text_color__hover_enabled=\u00bbon|desktop\u00bb button_text_color__hover=\u00bb#FF8C06&#8243;][et_pb_social_media_follow_network social_network=\u00bbinstagram\u00bb url=\u00bbhttps:\/\/www.instagram.com\/peoplesresearchcouncil\/\u00bb _builder_version=\u00bb4.25.2&#8243; _module_preset=\u00bbdefault\u00bb background_enable_color=\u00bboff\u00bb global_colors_info=\u00bb{}\u00bb follow_button=\u00bbon\u00bb url_new_window=\u00bbon\u00bb]instagram[\/et_pb_social_media_follow_network][\/et_pb_social_media_follow][et_pb_text _builder_version=\u00bb4.25.2&#8243; _module_preset=\u00bbdefault\u00bb header_font=\u00bbPoppins|700||on|||||\u00bb header_text_color=\u00bb#23365F\u00bb header_font_size=\u00bb36px\u00bb global_colors_info=\u00bb{}\u00bb]<\/p>\n<h1>\u00bfC\u00f3mo puede la investigaci\u00f3n mejorar nuestra comunidad para todos?<\/h1>\n<p>[\/et_pb_text][et_pb_text _builder_version=\u00bb4.25.2&#8243; _module_preset=\u00bbdefault\u00bb background_color=\u00bb#23365F\u00bb hover_enabled=\u00bb0&#8243; global_colors_info=\u00bb{}\u00bb text_font=\u00bb|||on|||||\u00bb text_font_size=\u00bb12px\u00bb link_font_size=\u00bb12px\u00bb link_font=\u00bb||||on|||#ffffff|\u00bb sticky_position=\u00bbtop\u00bb sticky_enabled=\u00bb0&#8243; text_text_color=\u00bb#ffffff\u00bb link_text_color=\u00bb#ffffff\u00bb]<\/p>\n<p style=\"text-align: center;\">Navega por secciones: <a href=\"#intro\">Introducci\u00f3n<\/a>, <a href=\"#team\">Nuestro equipo<\/a>, <a href=\"#engage\">Como Participar<\/a>, <a href=\"#projects\"> Informacion sobre los proyectos<\/a>, <a href=\"#governance\">Gobernanza<\/a>, <a href=\"#thanks\">Agradecimientos Especiales<\/a><\/p>\n<p>[\/et_pb_text][et_pb_text ul_item_indent=\u00bb48px\u00bb module_id=\u00bbintro\u00bb _builder_version=\u00bb4.25.2&#8243; _module_preset=\u00bbdefault\u00bb link_font=\u00bb||||on||||\u00bb ul_line_height=\u00bb1.8em\u00bb header_2_text_color=\u00bb#23365F\u00bb header_2_font_size=\u00bb28px\u00bb custom_margin=\u00bb44px||||false|false\u00bb global_colors_info=\u00bb{}\u00bb]<\/p>\n<h2><b>Investigaci\u00f3n impulsada por la comunidad en beneficio de las personas<\/b><\/h2>\n<p>&nbsp;<\/p>\n<p><span style=\"font-weight: 400;\">nvestigaci\u00f3n nos ayuda a entender mejor el mundo, las personas, las culturas y muchos otros aspectos de la vida. Nos ayuda entender mejor todo lo que nos rodea. Tambi\u00e9n entendemos que algunas investigaciones realizado en el pasado fueron injustas y da\u00f1inas para comunidades oprimidas, especialmente las Negras y Latines. <\/span><\/p>\n<ul>\n<li><b>Investigaci\u00f3n comunitaria de poco \u00e9tica<\/b><span style=\"font-weight: 400;\"> pueden explotar a los participantes de muchas maneras. Por ejemplo: no obteniendo el consentimiento apropriado de la gente, despreciando la privacidad de las personas y no respetando su autonom\u00eda ni beneficiando a la comunidad.<\/span><\/li>\n<li><b>La investigaci\u00f3n comunitaria explotadora<\/b><span style=\"font-weight: 400;\"> extrae datos de las comunidades sin retribuir ni atender las necesidades de la gente, lo que a menudo beneficia m\u00e1s a los investigadores que a la propia comunidad.<\/span><\/li>\n<\/ul>\n<p><span style=\"font-weight: 400;\">Al reconocer todo esto, \u00bfc\u00f3mo avanzamos hacia una realidad de investigaci\u00f3n que se centre en las experiencias de las personas m\u00e1s afectadas por la discriminaci\u00f3n hist\u00f3rica? People&#8217;s Research Council (PRC) es una herramienta para avanzar hacia esta realidad. Reuniendo a la comunidad en las diferentes etapas de un proyecto de investigaci\u00f3n, se crea un espacio para compartir sus testimonios, prevenir pr\u00e1cticas perjudiciales y establecer la propiedad comunitaria sobre un trabajo que explora profundamente la vida de las personas.\u00bb Al enfocar a la gente en este trabajo, Peoples&#8217; Research Council conecta la investigaci\u00f3n con la defensa, y gu\u00eda a la comunidad en c\u00f3mo realizar esta defensa y qu\u00e9 metas alcanzar. <\/span><\/p>\n<p><span style=\"font-weight: 400;\">Un ejemplo de investigaci\u00f3n centrada en personas tradicionalmente marginadas es el <a href=\"https:\/\/www.bpireport.org\/\">Informe de la Iniciativa Filantr\u00f3pica Negra 2023: <i>La Interseccionalidad de la Vida y el Ser Negro<\/i><\/a>. Este informe muestra c\u00f3mo la colaboraci\u00f3n profunda de la comunidad, siguiendo la metodolog\u00eda del Peoples&#8217; Research Council, puede llevar al \u00e9xito y abrir nuevas posibilidades al reimaginar lo que se puede lograr mediante la investigaci\u00f3n. Miembros de la comunidad han expresado sus testimonios por podcasts e im\u00e1genes y fotos de la comunidad. Este informe es \u00fanico y nos anima a todos a imaginar qu\u00e9 m\u00e1s podr\u00edamos lograr si empezamos a cambiar c\u00f3mo hacemos las investigaciones locales.<\/span><\/p>\n<p>[\/et_pb_text][et_pb_text ul_item_indent=\u00bb48px\u00bb ol_position=\u00bboutside\u00bb ol_item_indent=\u00bb50px\u00bb _builder_version=\u00bb4.25.2&#8243; _module_preset=\u00bbdefault\u00bb link_font=\u00bb||||on||||\u00bb ul_line_height=\u00bb1.8em\u00bb header_2_text_color=\u00bb#23365F\u00bb header_2_font_size=\u00bb28px\u00bb custom_margin=\u00bb44px||||false|false\u00bb global_colors_info=\u00bb{}\u00bb]<\/p>\n<h2><b>\u00bfQu\u00e9 es el Peoples&#8217; Research Council?<\/b><\/h2>\n<p><span style=\"font-weight: 400;\">La comprensi\u00f3n del Peoples&#8217; Research Council, o \u00abPRC\u00bb, comienza con la pregunta: \u00bfC\u00f3mo puede la investigaci\u00f3n mejorar nuestra comunidad para todos? Cada a\u00f1o, en el condado de Forsyth y en Winston-Salem (Carolina del Norte), nuestra comunidad invierte millones de d\u00f3lares en esfuerzos locales de investigaci\u00f3n. Este estudio investiga la crisis de la vivienda, la educaci\u00f3n, el transporte, el acceso a los alimentos y mucho m\u00e1s. Sin embargo, muchas de las investigaciones se olvidan la parte crucial de involucrar a la comunidad desde el principio. Deberemos entender y valorar las experiencias de los miembros de comunidad y invitarles a coliderar el proceso de investigaciones para aprender como ultizar los recursos y mejorar la vidas de la gente. Peoples&#8217; Research Council tiene tres objetivos principales:<\/span><\/p>\n<ol>\n<li style=\"font-weight: 400;\" aria-level=\"1\"><span style=\"font-weight: 400;\">Prevenir pr\u00e1cticas de investigaci\u00f3n nocivas.<\/span><\/li>\n<li style=\"font-weight: 400;\" aria-level=\"1\"><span style=\"font-weight: 400;\">Ampliar la influencia de las comunidades marginadas en la investigaci\u00f3n.<\/span><\/li>\n<li style=\"font-weight: 400;\" aria-level=\"1\"><span style=\"font-weight: 400;\">Alinear la investigaci\u00f3n con acciones que mejoren las condiciones materiales de vida de las personas.<\/span><\/li>\n<\/ol>\n<p><b>Visi\u00f3n<\/b><span style=\"font-weight: 400;\">Peoples&#8217; Research Council tiene como objetivo transformar c\u00f3mo se conduce el trabajo de investigaciones en el condado de Forsyth. Esperan fomentar la solidaridad, crear conciencia sobre la privaci\u00f3n sistem\u00e1tica y empoderar el cambio impulsado por la comunidad. Utilizando metodolog\u00edas basadas en la comunidad, prevenimos la investigaci\u00f3n perjudicial, capacitamos a las personas, mejoramos las condiciones materiales y cultivamos la solidaridad para el cambio de los sistemas.<\/span><\/p>\n<p>[\/et_pb_text][\/et_pb_column][\/et_pb_row][et_pb_row module_id=\u00bbteam\u00bb _builder_version=\u00bb4.25.2&#8243; _module_preset=\u00bbdefault\u00bb background_color=\u00bb#f7f7f7&#8243; custom_padding=\u00bb0px|40px||40px|false|true\u00bb global_colors_info=\u00bb{}\u00bb][et_pb_column type=\u00bb4_4&#8243; _builder_version=\u00bb4.25.2&#8243; _module_preset=\u00bbdefault\u00bb global_colors_info=\u00bb{}\u00bb][et_pb_text ul_item_indent=\u00bb48px\u00bb ol_position=\u00bboutside\u00bb ol_item_indent=\u00bb50px\u00bb _builder_version=\u00bb4.25.2&#8243; _module_preset=\u00bbdefault\u00bb link_font=\u00bb||||on||||\u00bb ul_line_height=\u00bb1.8em\u00bb header_2_text_color=\u00bb#23365F\u00bb header_2_font_size=\u00bb28px\u00bb custom_margin=\u00bb53px||||false|false\u00bb global_colors_info=\u00bb{}\u00bb]<\/p>\n<h2><b>Nuestro equipo<\/b><\/h2>\n<p>[\/et_pb_text][et_pb_blurb title=\u00bbDra. Crystal Ellis\u00bb image=\u00bbhttps:\/\/peoplesresearchcouncil.org\/wp-content\/uploads\/2024\/06\/Screenshot-2024-05-21-at-2.27.24-PM.png\u00bb alt=\u00bbFotograf\u00eda de la Dra. Crystal Ellis\u00bb icon_placement=\u00bbleft\u00bb image_icon_width=\u00bb200%\u00bb content_max_width=\u00bb100%\u00bb _builder_version=\u00bb4.25.2&#8243; _module_preset=\u00bbdefault\u00bb custom_margin=\u00bb36px|||||\u00bb custom_css_blurb_image=\u00bbwidth: 40%;||padding-right: 3%;||\u00bb custom_css_blurb_content=\u00bbpadding-left: 10px;\u00bb border_radii_image=\u00bbon|296px|296px|296px|296px\u00bb global_colors_info=\u00bb{}\u00bb]<\/p>\n<p><span style=\"font-weight: 400;\">La Dra. Crystal Ellis es Vicepresidenta de Investigaci\u00f3n y Estrategia de Action4Equity. Es Doctora en Estudios Africanos y de la Di\u00e1spora Africana por la Universidad de Wisconsin-Milwaukee, y en los \u00faltimos 10 a\u00f1os sus estudios se han centrado principalmente en las pr\u00e1cticas de desarrollo comunitario y en el impacto transformador de estas pr\u00e1cticas en las vidas de las personas afectadas por la discriminaci\u00f3n y la marginaci\u00f3n sist\u00e9micas.<\/span><\/p>\n<p>[\/et_pb_blurb][et_pb_blurb title=\u00bbTyler Sparks\u00bb image=\u00bbhttps:\/\/peoplesresearchcouncil.org\/wp-content\/uploads\/2024\/06\/Screenshot-2024-05-21-at-2.27.30-PM.png\u00bb alt=\u00bbFotograf\u00eda de Tyler Sparks\u00bb icon_placement=\u00bbleft\u00bb image_icon_width=\u00bb200%\u00bb content_max_width=\u00bb100%\u00bb _builder_version=\u00bb4.25.2&#8243; _module_preset=\u00bbdefault\u00bb custom_margin=\u00bb57px||||false|false\u00bb custom_css_blurb_image=\u00bbwidth: 40%;||padding-right: 3%;||\u00bb custom_css_blurb_content=\u00bbpadding-left: 10px;\u00bb border_radii_image=\u00bbon|212px|212px|212px|212px\u00bb global_colors_info=\u00bb{}\u00bb]<\/p>\n<p><span style=\"font-weight: 400;\">Tyler Sparks es el Director de Comunicaciones de Forsyth Futures. Se gradu\u00f3 de UNC Wilmington en 2009, estudiando Poes\u00eda, Comunicaci\u00f3n y Publicaci\u00f3n. Ha trabajado como dise\u00f1ador gr\u00e1fico, webmaster, director creativo, gestor de proyectos y director de comunicaci\u00f3n. Le apasiona usar sus habilidades para impactar positivamente en la vida de las personas y cree en la posibilidad de un mundo m\u00e1s justo.<\/span><\/p>\n<p>[\/et_pb_blurb][\/et_pb_column][\/et_pb_row][et_pb_row _builder_version=\u00bb4.25.2&#8243; _module_preset=\u00bbdefault\u00bb global_colors_info=\u00bb{}\u00bb][et_pb_column type=\u00bb4_4&#8243; _builder_version=\u00bb4.25.2&#8243; _module_preset=\u00bbdefault\u00bb global_colors_info=\u00bb{}\u00bb][et_pb_text ul_item_indent=\u00bb48px\u00bb ol_position=\u00bboutside\u00bb ol_item_indent=\u00bb50px\u00bb module_id=\u00bbengage\u00bb _builder_version=\u00bb4.25.2&#8243; _module_preset=\u00bbdefault\u00bb link_font=\u00bb||||on||||\u00bb ul_line_height=\u00bb1.8em\u00bb header_2_text_color=\u00bb#23365F\u00bb header_2_font_size=\u00bb28px\u00bb custom_margin=\u00bb44px||||false|false\u00bb locked=\u00bboff\u00bb global_colors_info=\u00bb{}\u00bb]<\/p>\n<h2><b>Con\u00e9ctese con Peoples&#8217; Research Council<\/b><\/h2>\n<p>[\/et_pb_text][et_pb_text ul_item_indent=\u00bb48px\u00bb ol_position=\u00bboutside\u00bb ol_item_indent=\u00bb50px\u00bb _builder_version=\u00bb4.25.2&#8243; _module_preset=\u00bbdefault\u00bb link_font=\u00bb||||on||||\u00bb ul_line_height=\u00bb1.8em\u00bb header_2_text_color=\u00bb#23365F\u00bb header_2_font_size=\u00bb28px\u00bb header_3_text_color=\u00bb#666666&#8243; header_3_font_size=\u00bb24px\u00bb custom_margin=\u00bb44px||||false|false\u00bb hover_enabled=\u00bb0&#8243; locked=\u00bboff\u00bb global_colors_info=\u00bb{}\u00bb sticky_enabled=\u00bb0&#8243;]<\/p>\n<p><span style=\"font-weight: 400;\">Hay muchas partes que forman el Peoples&#8217; Research Council (PRC).<\/span><\/p>\n<h2><\/h2>\n<ul>\n<li style=\"font-weight: 400;\" aria-level=\"1\"><span style=\"font-weight: 400;\">un <strong>Consejo de Gobernanza<\/strong> que ayuda a tomar las decisiones importantes, <\/span><\/li>\n<li style=\"font-weight: 400;\" aria-level=\"1\"><span style=\"font-weight: 400;\"><strong>Juntas de Proyecto<\/strong> (JDP) que gu\u00edan, dirigen y apoyan proyectos espec\u00edficos, y <\/span><\/li>\n<li style=\"font-weight: 400;\" aria-level=\"1\"><span style=\"font-weight: 400;\">un <strong>Grupo de Trabajo de Comunicaci\u00f3n y Compromiso<\/strong>,<\/span><\/li>\n<li style=\"font-weight: 400;\" aria-level=\"1\"><span style=\"font-weight: 400;\">Los <strong>socios y el personal<\/strong> que apoyan las operaciones diarias. <\/span><\/li>\n<\/ul>\n<h2><\/h2>\n<p><span style=\"font-weight: 400;\">\u00abCon tanto en marcha, es importante invitar a los miembros de nuestra comunidad a este trabajo para compartir informaci\u00f3n y fortalecer la comunidad mediante la conversaci\u00f3n y la participaci\u00f3n.\u00bb Trabajando juntos, Podemos fortalecer el poder colectivo que es fundamental para el PRC.<\/span><\/p>\n<p><span style=\"font-weight: 400;\"><\/span><\/p>\n<h3><strong>La Journada de Puertas Abiertas (Open House) del Peoples&#8217; Research Council.<\/strong><\/h3>\n<p><span style=\"font-weight: 400;\">A trav\u00e9s de nuestra <\/span>serie de Jornadas de Puertas Abiertas del PRC<span style=\"font-weight: 400;\">En esta p\u00e1gina, puedes mejorar tu comprensi\u00f3n del PRC, dar retroalimentaci\u00f3n esencial y encontrar oportunidades para participar m\u00e1s activamente. . \u00abLa serie de Jornadas de Puertas Abiertas del PRC crea una mejor forma de recibir retroalimentaci\u00f3n de la comunidad. Proporciona un espacio donde los socios locales involucrados en trabajo comunitario y defensa pueden compartir y recibir retroalimentaci\u00f3n importante de los miembros de la comunidad.\u00bb \u00danete a nosotros en las pr\u00f3ximas Jornadas de Puertas Abiertas para conocer m\u00e1s sobre el trabajo que se realiza en su comunidad.<\/span><\/p>\n<p><span style=\"font-weight: 400;\"><\/span><\/p>\n<h3><b>\u00bfQui\u00e9nes deben participar en la serie de Jornadas de Puertas Abiertas?<\/b><span style=\"font-weight: 400;\"> <\/span><\/h3>\n<p><span style=\"font-weight: 400;\">\u00a1La investigaci\u00f3n sobre nuestra comunidad nos afecta a todos! Necesitamos mam\u00e1s, pap\u00e1s, estudiantes, j\u00f3venes profesionales, artistas, conductores de autob\u00fas, m\u00fasicos, ancianos, defensores, organizadores, hermanos, hermanas, empresarios, bailarines, jubilados, voluntarios, amantes de la naturaleza, gente con perros, gente con gatos, t\u00edas, t\u00edos y gente como usted.<\/span><\/p>\n<h3><span style=\"font-weight: 400;\"><br \/><b>Grupos de Afinidad del PRC<\/b> <\/span><\/h3>\n<p><span style=\"font-weight: 400;\">Junto a las Jornadas de Puertas Abiertas del PRC, cada dos meses el PRC ayudar\u00e1 a los socios a organizar Grupos de Afinidad. Nuestro objetivo es crear espacios seguros y culturalmente afirmativos donde personas de diferentes culturas puedan reunirse y discutir los problemas y oportunidades que m\u00e1s les afectan. Los comentarios de estas reuniones ayudar\u00e1n a informar y guiar el desarrollo del PRC. Hasta ahora hemos identificado la necesidad de tres Grupos de Afinidad: Negro, Hispano\/Latino y LGBTQIA+, con la posibilidad de agregar m\u00e1s a medida que crezcamos.<b> <\/b><\/span><span style=\"font-weight: 400;\"><b><\/b><\/span><\/p>\n<p>[\/et_pb_text][\/et_pb_column][\/et_pb_row][et_pb_row _builder_version=\u00bb4.25.2&#8243; _module_preset=\u00bbdefault\u00bb custom_padding=\u00bb45px|37px|45px|37px|true|true\u00bb box_shadow_style=\u00bbpreset3&#8243; box_shadow_spread=\u00bb-16px\u00bb global_colors_info=\u00bb{}\u00bb background_color=\u00bb#f7f7f7&#8243; background_enable_pattern_style=\u00bbon\u00bb background_pattern_style=\u00bbsmiles\u00bb background_pattern_color=\u00bbrgba(35,54,95,0.04)\u00bb][et_pb_column type=\u00bb4_4&#8243; _builder_version=\u00bb4.25.2&#8243; _module_preset=\u00bbdefault\u00bb global_colors_info=\u00bb{}\u00bb][et_pb_text _builder_version=\u00bb4.25.2&#8243; _module_preset=\u00bbdefault\u00bb hover_enabled=\u00bb0&#8243; global_colors_info=\u00bb{}\u00bb header_3_font=\u00bb|600|||||||\u00bb header_3_text_color=\u00bb#23365F\u00bb header_3_font_size=\u00bb27px\u00bb custom_padding=\u00bb0px||0px||false|false\u00bb custom_margin=\u00bb0px||0px||false|false\u00bb sticky_enabled=\u00bb0&#8243;]<\/p>\n<h3 style=\"text-align: center;\">\u00a1PUNTO DE ACCI\u00d3N!<\/h3>\n<p>[\/et_pb_text][et_pb_text _builder_version=\u00bb4.25.2&#8243; _module_preset=\u00bbdefault\u00bb global_colors_info=\u00bb{}\u00bb]<\/p>\n<p style=\"text-align: center;\">Visita el formulario de inter\u00e9s para obtener m\u00e1s informaci\u00f3n sobre los Grupos de Afinidad y registrarte<\/p>\n<p>[\/et_pb_text][et_pb_button button_url=\u00bbhttps:\/\/docs.google.com\/forms\/d\/e\/1FAIpQLScU5fUQix1DQES9rOX93uKVgOM5gY_FsKoLYhU9_ttK9w8BuQ\/viewform?usp=sf_link\u00bb url_new_window=\u00bbon\u00bb button_text=\u00bbFormulario de inter\u00e9s de los Grupos de Afinidad\u00bb button_alignment=\u00bbcenter\u00bb _builder_version=\u00bb4.25.2&#8243; _module_preset=\u00bbdefault\u00bb custom_button=\u00bbon\u00bb button_text_size=\u00bb18px\u00bb global_colors_info=\u00bb{}\u00bb][\/et_pb_button][\/et_pb_column][\/et_pb_row][\/et_pb_section][et_pb_section fb_built=\u00bb1&#8243; theme_builder_area=\u00bbpost_content\u00bb _builder_version=\u00bb4.25.2&#8243; _module_preset=\u00bbdefault\u00bb custom_padding=\u00bb23px|||||\u00bb module_id=\u00bbproyectos\u00bb hover_enabled=\u00bb0&#8243; sticky_enabled=\u00bb0&#8243;][et_pb_row _builder_version=\u00bb4.25.2&#8243; _module_preset=\u00bbdefault\u00bb theme_builder_area=\u00bbpost_content\u00bb][et_pb_column _builder_version=\u00bb4.25.2&#8243; _module_preset=\u00bbdefault\u00bb type=\u00bb4_4&#8243; theme_builder_area=\u00bbpost_content\u00bb][et_pb_text ul_item_indent=\u00bb48px\u00bb ol_position=\u00bboutside\u00bb ol_item_indent=\u00bb50px\u00bb module_id=\u00bbengage\u00bb _builder_version=\u00bb4.25.2&#8243; _module_preset=\u00bbdefault\u00bb link_font=\u00bb||||on||||\u00bb ul_line_height=\u00bb1.8em\u00bb header_2_text_color=\u00bb#23365F\u00bb header_2_font_size=\u00bb28px\u00bb custom_margin=\u00bb2px||||false|false\u00bb hover_enabled=\u00bb0&#8243; locked=\u00bboff\u00bb global_colors_info=\u00bb{}\u00bb theme_builder_area=\u00bbpost_content\u00bb sticky_enabled=\u00bb0&#8243;]<\/p>\n<h2><b>Resumen del proyecto<\/b><\/h2>\n<p>[\/et_pb_text][\/et_pb_column][\/et_pb_row][et_pb_row column_structure=\u00bb3_5,2_5&#8243; _builder_version=\u00bb4.25.2&#8243; _module_preset=\u00bbdefault\u00bb global_colors_info=\u00bb{}\u00bb locked=\u00bboff\u00bb theme_builder_area=\u00bbpost_content\u00bb custom_css_free_form=\u00bb.selector {||  display: flex;||  justify-content: center;||  align-items: center;||}\u00bb sticky_enabled=\u00bb0&#8243; custom_padding=\u00bb45px|37px|45px|37px|true|true\u00bb background_color=\u00bb#f7f7f7&#8243; box_shadow_style=\u00bbpreset3&#8243; box_shadow_spread=\u00bb-16px\u00bb background_enable_pattern_style=\u00bbon\u00bb background_pattern_style=\u00bbsmiles\u00bb background_pattern_color=\u00bbrgba(35,54,95,0.04)\u00bb border_width_bottom=\u00bb5px\u00bb border_color_bottom=\u00bb#23365F\u00bb hover_enabled=\u00bb0&#8243;][et_pb_column type=\u00bb3_5&#8243; _builder_version=\u00bb4.25.2&#8243; _module_preset=\u00bbdefault\u00bb global_colors_info=\u00bb{}\u00bb theme_builder_area=\u00bbpost_content\u00bb][et_pb_image src=\u00bbhttps:\/\/peoplesresearchcouncil.org\/wp-content\/uploads\/2024\/06\/Screenshot-2024-05-21-at-9.21.25-PM.png\u00bb alt=\u00bbImagen de marca Sanemos Juntos\u00bb title_text=\u00bbCaptura de pantalla 2024-05-21 a las 21.21.25 h\u00bb _builder_version=\u00bb4.25.2&#8243; _module_preset=\u00bbdefault\u00bb box_shadow_style=\u00bbpreset3&#8243; global_colors_info=\u00bb{}\u00bb theme_builder_area=\u00bbpost_content\u00bb][\/et_pb_image][\/et_pb_column][et_pb_column type=\u00bb2_5&#8243; _builder_version=\u00bb4.25.2&#8243; _module_preset=\u00bbdefault\u00bb global_colors_info=\u00bb{}\u00bb theme_builder_area=\u00bbpost_content\u00bb][et_pb_text _builder_version=\u00bb4.25.2&#8243; _module_preset=\u00bbdefault\u00bb text_font=\u00bbPoppins||||||||\u00bb header_2_font_size=\u00bb28px\u00bb hover_enabled=\u00bb0&#8243; global_colors_info=\u00bb{}\u00bb theme_builder_area=\u00bbpost_content\u00bb sticky_enabled=\u00bb0&#8243; header_2_text_color=\u00bb#23365F\u00bb header_3_text_color=\u00bb#23365F\u00bb header_3_font_size=\u00bb32px\u00bb]<\/p>\n<h3><strong>La Iniciativa Sanemos Juntos<\/strong><\/h3>\n<p>&nbsp;<\/p>\n<p>[\/et_pb_text][\/et_pb_column][\/et_pb_row][et_pb_row _builder_version=\u00bb4.25.2&#8243; _module_preset=\u00bbdefault\u00bb theme_builder_area=\u00bbpost_content\u00bb][et_pb_column _builder_version=\u00bb4.25.2&#8243; _module_preset=\u00bbdefault\u00bb type=\u00bb4_4&#8243; theme_builder_area=\u00bbpost_content\u00bb][et_pb_text ul_item_indent=\u00bb48px\u00bb ol_position=\u00bboutside\u00bb ol_item_indent=\u00bb50px\u00bb _builder_version=\u00bb4.25.2&#8243; _module_preset=\u00bbdefault\u00bb link_font=\u00bb||||on||||\u00bb ul_line_height=\u00bb1.8em\u00bb header_2_text_color=\u00bb#23365F\u00bb header_2_font_size=\u00bb28px\u00bb header_3_text_color=\u00bb#666666&#8243; header_3_font_size=\u00bb24px\u00bb custom_margin=\u00bb44px||||false|false\u00bb hover_enabled=\u00bb0&#8243; locked=\u00bboff\u00bb global_colors_info=\u00bb{}\u00bb sticky_enabled=\u00bb0&#8243; theme_builder_area=\u00bbpost_content\u00bb]<\/p>\n<h3><b>Antecedentes del proyecto<\/b><\/h3>\n<p><span style=\"font-weight: 400;\">Sanemos Juntos Winston-Salem (SJ-WS), es un esfuerzo de colaboraci\u00f3n entre el Centro para Comunidades Resilientes al Trauma de Crossnore, Action4Equity y Forsyth Futures, hecho por una subvenci\u00f3n de $4 millones de la Administraci\u00f3n de Servicios de Salud Mental y Abuso de Sustancias (SAMHSA) durante cuatro a\u00f1os. El prop\u00f3sito de la subvenci\u00f3n es enfrentar el trauma colectivo, la violencia comunitaria y los disturbios civiles en un \u00e1rea espec\u00edfica (vea el mapa a continuaci\u00f3n) de East Winston-Salem durante cuatro a\u00f1os. La iniciativa tiene como objetivo apoyar a los j\u00f3venes de 12 a 17 a\u00f1os y a sus familias a trav\u00e9s de entrenamientos informadas sobre el trauma, mentor\u00eda intensiva y apoyo de defensa, y actividades de investigaci\u00f3n dirigidas por la comunidad.<\/span><\/p>\n<p><span style=\"font-weight: 400;\">Cada proyecto del Peoples&#8217; Research Council tiene su Junta de Proyecto espec\u00edfica. Una Junta de Proyecto es un grupo especializado que asesora y apoya un proyecto durante su desarrollo, guiando tanto la investigaci\u00f3n como las acciones del proyecto. Trabaja dentro del tiempo y los fondos establecidos para el proyecto<\/span><b> <\/b><span style=\"font-weight: 400;\"><\/span><\/p>\n<p>[\/et_pb_text][et_pb_text ul_item_indent=\u00bb48px\u00bb ol_position=\u00bboutside\u00bb ol_item_indent=\u00bb50px\u00bb _builder_version=\u00bb4.25.2&#8243; _module_preset=\u00bbdefault\u00bb link_font=\u00bb||||on||||\u00bb ul_line_height=\u00bb1.8em\u00bb header_2_text_color=\u00bb#23365F\u00bb header_2_font_size=\u00bb28px\u00bb header_3_text_color=\u00bb#666666&#8243; header_3_font_size=\u00bb24px\u00bb custom_margin=\u00bb44px||||false|false\u00bb hover_enabled=\u00bb0&#8243; locked=\u00bboff\u00bb global_colors_info=\u00bb{}\u00bb sticky_enabled=\u00bb0&#8243; theme_builder_area=\u00bbpost_content\u00bb]<\/p>\n<h3><b>Asesores comunitarios de la Junta del Proyecto<\/b><span style=\"font-weight: 400;\"> <\/span><\/h3>\n<ul>\n<li style=\"font-weight: 400;\" aria-level=\"1\"><span style=\"font-weight: 400;\">Michael Banner<\/span><\/li>\n<li style=\"font-weight: 400;\" aria-level=\"1\"><span style=\"font-weight: 400;\">Bianca Renee Fentress<\/span><\/li>\n<li style=\"font-weight: 400;\" aria-level=\"1\"><span style=\"font-weight: 400;\">Derrick Pender<\/span><\/li>\n<li style=\"font-weight: 400;\" aria-level=\"1\"><span style=\"font-weight: 400;\">Maryali Garc\u00eda Z\u00e1rate<\/span><\/li>\n<li style=\"font-weight: 400;\" aria-level=\"1\"><span style=\"font-weight: 400;\">Renai Wisley<\/span><\/li>\n<\/ul>\n<p><em><span style=\"font-weight: 400;\">Seguimos buscando otros dos miembros Latines para formar parte de esta Junta del Proyecto, y deben vivir en una zona espec\u00edfica del Este de Winston Salem. Si est\u00e1s interesado en esta oportunidad remunerada, env\u00eda un correo electr\u00f3nico a info@peoplesresearchcouncil.org.<\/span><\/em><\/p>\n<p>[\/et_pb_text][et_pb_text ul_item_indent=\u00bb48px\u00bb ol_position=\u00bboutside\u00bb ol_item_indent=\u00bb50px\u00bb _builder_version=\u00bb4.25.2&#8243; _module_preset=\u00bbdefault\u00bb link_font=\u00bb||||on||||\u00bb ul_line_height=\u00bb1.8em\u00bb header_2_text_color=\u00bb#23365F\u00bb header_2_font_size=\u00bb28px\u00bb header_3_text_color=\u00bb#666666&#8243; header_3_font_size=\u00bb24px\u00bb custom_margin=\u00bb44px||||false|false\u00bb hover_enabled=\u00bb0&#8243; locked=\u00bboff\u00bb global_colors_info=\u00bb{}\u00bb sticky_enabled=\u00bb0&#8243; theme_builder_area=\u00bbpost_content\u00bb]<\/p>\n<h3><b>Actualizaci\u00f3n de estado<\/b><\/h3>\n<p><span style=\"font-weight: 400;\">La Junta del Proyecto de la iniciativa Sanemos Juntos dirigi\u00f3 un proceso de investigaci\u00f3n comunitario en el que participaron varios grupos focales para elaborar una Evaluaci\u00f3n de las Necesidades y Recursos Comunitarios (CNRA), que reflejaba las perspectivas de la comunidad sobre los recursos disponibles y las necesidades.<\/span><\/p>\n<p><span style=\"font-weight: 400;\">El an\u00e1lisis de la CNRA, dirigido por la Junta del Proyecto, identific\u00f3 los principales factores de riesgo de la violencia comunitaria, como la vivienda, la salud y la seguridad, el compromiso c\u00edvico, la educaci\u00f3n y la inseguridad alimentaria, entre otros. A continuaci\u00f3n, los investigadores recolectaron m\u00e1s informaci\u00f3n usando encuestas, donde los miembros de la comunidad clasificaron la importancia de los riesgos y propusieron soluciones.\u00bb<\/span><\/p>\n<p><span style=\"font-weight: 400;\">La informaci\u00f3n que se reuni\u00f3 se organiz\u00f3 en un Plan Estrat\u00e9gico Comunitario. Este plan gu\u00eda c\u00f3mo mejorar las condiciones en el Este de Winston Salem, especialmente en temas de violencia y trauma colectivo. Este Plan tambi\u00e9n guiar\u00e1 los esfuerzos de la Junta del Proyecto Sanemos Juntos.<\/span><\/p>\n<p>[\/et_pb_text][\/et_pb_column][\/et_pb_row][et_pb_row _builder_version=\u00bb4.25.2&#8243; _module_preset=\u00bbdefault\u00bb custom_padding=\u00bb45px|37px|45px|37px|true|true\u00bb box_shadow_style=\u00bbpreset3&#8243; box_shadow_spread=\u00bb-16px\u00bb global_colors_info=\u00bb{}\u00bb locked=\u00bboff\u00bb theme_builder_area=\u00bbpost_content\u00bb sticky_enabled=\u00bb0&#8243; background_color=\u00bb#ffffff\u00bb background_enable_pattern_style=\u00bbon\u00bb background_pattern_style=\u00bbsmiles\u00bb background_pattern_color=\u00bbrgba(35,54,95,0.04)\u00bb border_width_all=\u00bb2px\u00bb border_color_all=\u00bb#ededed\u00bb hover_enabled=\u00bb0&#8243;][et_pb_column type=\u00bb4_4&#8243; _builder_version=\u00bb4.25.2&#8243; _module_preset=\u00bbdefault\u00bb global_colors_info=\u00bb{}\u00bb theme_builder_area=\u00bbpost_content\u00bb][et_pb_text _builder_version=\u00bb4.25.2&#8243; _module_preset=\u00bbdefault\u00bb hover_enabled=\u00bb0&#8243; global_colors_info=\u00bb{}\u00bb header_3_font=\u00bb|600|||||||\u00bb header_3_text_color=\u00bb#23365F\u00bb header_3_font_size=\u00bb27px\u00bb custom_padding=\u00bb0px||0px||false|false\u00bb custom_margin=\u00bb0px||0px||false|false\u00bb sticky_enabled=\u00bb0&#8243; locked=\u00bboff\u00bb theme_builder_area=\u00bbpost_content\u00bb]<\/p>\n<h3 style=\"text-align: center;\">\u00a1PUNTO DE ACCI\u00d3N!<\/h3>\n<p>[\/et_pb_text][et_pb_text _builder_version=\u00bb4.25.2&#8243; _module_preset=\u00bbdefault\u00bb hover_enabled=\u00bb0&#8243; global_colors_info=\u00bb{}\u00bb theme_builder_area=\u00bbpost_content\u00bb sticky_enabled=\u00bb0&#8243;]<\/p>\n<p style=\"text-align: center;\">Para saber m\u00e1s, lee el bolet\u00edn de Sanemos Juntos, Junio de 2024<\/p>\n<p>[\/et_pb_text][et_pb_button button_url=\u00bb@ET-DC@eyJkeW5hbWljIjp0cnVlLCJjb250ZW50IjoicG9zdF9saW5rX3VybF9wb3N0Iiwic2V0dGluZ3MiOnsicG9zdF9pZCI6IjU0NSJ9fQ==@\u00bb url_new_window=\u00bbon\u00bb button_text=\u00bbBolet\u00edn Sanemos Juntos Winston Salem\u00bb button_alignment=\u00bbcenter\u00bb _builder_version=\u00bb4.25.2&#8243; _module_preset=\u00bbdefault\u00bb custom_button=\u00bbon\u00bb button_text_size=\u00bb18px\u00bb hover_enabled=\u00bb0&#8243; global_colors_info=\u00bb{}\u00bb theme_builder_area=\u00bbpost_content\u00bb _dynamic_attributes=\u00bbbutton_url\u00bb sticky_enabled=\u00bb0&#8243;][\/et_pb_button][\/et_pb_column][\/et_pb_row][et_pb_row column_structure=\u00bb3_5,2_5&#8243; _builder_version=\u00bb4.25.2&#8243; _module_preset=\u00bbdefault\u00bb hover_enabled=\u00bb0&#8243; global_colors_info=\u00bb{}\u00bb locked=\u00bboff\u00bb theme_builder_area=\u00bbpost_content\u00bb custom_css_free_form=\u00bb.selector {||  display: flex;||  justify-content: center;||  align-items: center;||}\u00bb sticky_enabled=\u00bb0&#8243; background_color=\u00bb#f4f4f4&#8243; custom_padding=\u00bb|28px||28px|false|true\u00bb custom_margin=\u00bb64px||||false|false\u00bb background_enable_pattern_style=\u00bbon\u00bb background_pattern_style=\u00bbzig-zag-2&#8243; background_pattern_color=\u00bbrgba(35,54,95,0.04)\u00bb border_color_bottom=\u00bb#23365F\u00bb border_width_bottom=\u00bb5px\u00bb][et_pb_column type=\u00bb3_5&#8243; _builder_version=\u00bb4.25.2&#8243; _module_preset=\u00bbdefault\u00bb global_colors_info=\u00bb{}\u00bb theme_builder_area=\u00bbpost_content\u00bb][et_pb_image src=\u00bbhttps:\/\/peoplesresearchcouncil.org\/wp-content\/uploads\/2023\/11\/PRC-Pre-K-Landing-Page-Banner.png\u00bb alt=\u00bbImagen de marca Sanemos Juntos\u00bb title_text=\u00bbPRC &#8211; Banner de la p\u00e1gina de inicio de Pre-K\u00bb _builder_version=\u00bb4.25.2&#8243; _module_preset=\u00bbdefault\u00bb hover_enabled=\u00bb0&#8243; box_shadow_style=\u00bbpreset3&#8243; global_colors_info=\u00bb{}\u00bb theme_builder_area=\u00bbpost_content\u00bb sticky_enabled=\u00bb0&#8243; background_color=\u00bb#ffffff\u00bb][\/et_pb_image][\/et_pb_column][et_pb_column type=\u00bb2_5&#8243; _builder_version=\u00bb4.25.2&#8243; _module_preset=\u00bbdefault\u00bb global_colors_info=\u00bb{}\u00bb theme_builder_area=\u00bbpost_content\u00bb][et_pb_text _builder_version=\u00bb4.25.2&#8243; _module_preset=\u00bbdefault\u00bb text_font=\u00bbPoppins||||||||\u00bb header_2_font_size=\u00bb28px\u00bb hover_enabled=\u00bb0&#8243; global_colors_info=\u00bb{}\u00bb theme_builder_area=\u00bbpost_content\u00bb sticky_enabled=\u00bb0&#8243; header_2_text_color=\u00bb#23365F\u00bb header_3_text_color=\u00bb#23365F\u00bb header_3_font_size=\u00bb32px\u00bb]<\/p>\n<h3><strong>Est\u00e1ndares de Calidad para Padres de Pre-K<\/strong><\/h3>\n<p>&nbsp;<\/p>\n<p>[\/et_pb_text][\/et_pb_column][\/et_pb_row][et_pb_row _builder_version=\u00bb4.25.2&#8243; _module_preset=\u00bbdefault\u00bb theme_builder_area=\u00bbpost_content\u00bb][et_pb_column _builder_version=\u00bb4.25.2&#8243; _module_preset=\u00bbdefault\u00bb type=\u00bb4_4&#8243; theme_builder_area=\u00bbpost_content\u00bb][et_pb_text ul_item_indent=\u00bb48px\u00bb ol_position=\u00bboutside\u00bb ol_item_indent=\u00bb50px\u00bb _builder_version=\u00bb4.25.2&#8243; _module_preset=\u00bbdefault\u00bb link_font=\u00bb||||on||||\u00bb ul_line_height=\u00bb1.8em\u00bb header_2_text_color=\u00bb#23365F\u00bb header_2_font_size=\u00bb28px\u00bb header_3_text_color=\u00bb#666666&#8243; header_3_font_size=\u00bb24px\u00bb custom_margin=\u00bb44px||||false|false\u00bb hover_enabled=\u00bb0&#8243; locked=\u00bboff\u00bb global_colors_info=\u00bb{}\u00bb sticky_enabled=\u00bb0&#8243; theme_builder_area=\u00bbpost_content\u00bb]<\/p>\n<h3><b>Antecedentes del proyecto<\/b><\/h3>\n<p><span style=\"font-weight: 400;\">En 2021, un proyecto de investigaci\u00f3n comunitaria en el condado de Forsyth form\u00f3 un Investigaci\u00f3n Participativa Comunitaria para comprender las necesidades de los ni\u00f1os Negros y Latines en los programas de Preescolar Universal. El estudio se enfoc\u00f3 en la importancia de crear ambientes culturalmente positivos, incluir aspectos del Genio Negro en Pre-K, y encontrar obst\u00e1culos en el sistema escolar. El proyecto us\u00f3 diferentes m\u00e9todos como grupos de conversaci\u00f3n y entrevistas con padres negros y latinos, y encuestas Despu\u00e9s de analizar los datos, se cre\u00f3 un informe con recomendaciones para reflejar las normas preferidas por estas comunidades. Forsyth Family Power trabaj\u00f3 con Forsyth Futures para involucrar a los proveedores de servicios y enfocarse en las experiencias de las familias negras y latinas. El objetivo era influir en las pol\u00edticas para mejorar la educaci\u00f3n de los ni\u00f1os en la zona.<\/span><\/p>\n<p><span style=\"font-weight: 400;\">Cada proyecto del Peoples&#8217; Research Council tiene un <\/span><b>Junta de Proyecto<\/b><span style=\"font-weight: 400;\">. Un Consejo de Proyecto es un grupo que aconseja y apoya un proyecto espec\u00edfico desde su inicio hasta su finalizaci\u00f3n. Ayuda a dirigir la investigaci\u00f3n y las acciones del proyecto. Act\u00faa dentro del plazo y el presupuesto definidos del proyecto.<\/span><\/p>\n<p>[\/et_pb_text][et_pb_text ul_item_indent=\u00bb48px\u00bb ol_position=\u00bboutside\u00bb ol_item_indent=\u00bb50px\u00bb _builder_version=\u00bb4.25.2&#8243; _module_preset=\u00bbdefault\u00bb link_font=\u00bb||||on||||\u00bb ul_line_height=\u00bb1.8em\u00bb header_2_text_color=\u00bb#23365F\u00bb header_2_font_size=\u00bb28px\u00bb header_3_text_color=\u00bb#666666&#8243; header_3_font_size=\u00bb24px\u00bb custom_margin=\u00bb44px||||false|false\u00bb hover_enabled=\u00bb0&#8243; locked=\u00bboff\u00bb global_colors_info=\u00bb{}\u00bb sticky_enabled=\u00bb0&#8243; theme_builder_area=\u00bbpost_content\u00bb]<\/p>\n<h3><b>Miembros de la Junta del Proyecto<\/b><\/h3>\n<ul>\n<li style=\"font-weight: 400;\" aria-level=\"1\"><span style=\"font-weight: 400;\">Gwendolyn Farrow-Hughes <\/span><\/li>\n<li style=\"font-weight: 400;\" aria-level=\"1\"><span style=\"font-weight: 400;\">Anthony Morris<\/span><\/li>\n<li style=\"font-weight: 400;\" aria-level=\"1\"><span style=\"font-weight: 400;\">Mark Smith<\/span><\/li>\n<li style=\"font-weight: 400;\" aria-level=\"1\"><span style=\"font-weight: 400;\">Victoria Hern\u00e1ndez<\/span><\/li>\n<li style=\"font-weight: 400;\" aria-level=\"1\"><span style=\"font-weight: 400;\">Christian Rubio P\u00e9rez <\/span><\/li>\n<\/ul>\n<p>[\/et_pb_text][et_pb_text ul_item_indent=\u00bb48px\u00bb ol_position=\u00bboutside\u00bb ol_item_indent=\u00bb50px\u00bb _builder_version=\u00bb4.25.2&#8243; _module_preset=\u00bbdefault\u00bb link_font=\u00bb||||on||||\u00bb ul_line_height=\u00bb1.8em\u00bb header_2_text_color=\u00bb#23365F\u00bb header_2_font_size=\u00bb28px\u00bb header_3_text_color=\u00bb#666666&#8243; header_3_font_size=\u00bb24px\u00bb custom_margin=\u00bb44px||||false|false\u00bb hover_enabled=\u00bb0&#8243; locked=\u00bboff\u00bb global_colors_info=\u00bb{}\u00bb sticky_enabled=\u00bb0&#8243; theme_builder_area=\u00bbpost_content\u00bb]<\/p>\n<h3><b>Actualizaci\u00f3n del estado del proyecto<\/b><\/h3>\n<p><span style=\"font-weight: 400;\">La Junta del Proyecto est\u00e1 formada por padres Negros y Latines de ni\u00f1os en edad preescolar que viven en el condado de Forsyth. Tuvieron su primera sesi\u00f3n de orientaci\u00f3n el 29 de abril y trabajar\u00e1n juntos durante un a\u00f1o para:<\/span><\/p>\n<p><span style=\"font-weight: 400;\"><\/span><\/p>\n<ul>\n<li style=\"font-weight: 400;\" aria-level=\"1\"><span style=\"font-weight: 400;\">Identificar obst\u00e1culos y determinar la mejor manera de implementar los est\u00e1ndares de calidad para padres en investigaciones futuras.<\/span><\/li>\n<li style=\"font-weight: 400;\" aria-level=\"1\"><span style=\"font-weight: 400;\">Involucrar a la comunidad en conversaciones sobre la educacion de Primera Infancia y ofrecer sus recomendaciones;<\/span><\/li>\n<li style=\"font-weight: 400;\" aria-level=\"1\"><span style=\"font-weight: 400;\">Responsabiliza a las partes interesadas de mantenerse fieles a las recomendaciones de los padres;<\/span><\/li>\n<li style=\"font-weight: 400;\" aria-level=\"1\"><span style=\"font-weight: 400;\">Ayuda a que el informe llegue a manos de las personas que necesitan leerlo.<\/span><\/li>\n<\/ul>\n<p>[\/et_pb_text][\/et_pb_column][\/et_pb_row][et_pb_row _builder_version=\u00bb4.25.2&#8243; _module_preset=\u00bbdefault\u00bb custom_padding=\u00bb|28px||28px|false|true\u00bb global_colors_info=\u00bb{}\u00bb locked=\u00bboff\u00bb theme_builder_area=\u00bbpost_content\u00bb sticky_enabled=\u00bb0&#8243; custom_css_free_form=\u00bb.selector {||  display: flex;||  justify-content: center;||  align-items: center;||}\u00bb background_color=\u00bb#ffffff\u00bb custom_margin=\u00bb1px|auto||auto|false|false\u00bb background_enable_pattern_style=\u00bbon\u00bb background_pattern_style=\u00bbzig-zag-2&#8243; background_pattern_color=\u00bbrgba(35,54,95,0.04)\u00bb border_width_all=\u00bb2px\u00bb border_color_all=\u00bb#e8e8e8&#8243; hover_enabled=\u00bb0&#8243;][et_pb_column type=\u00bb4_4&#8243; _builder_version=\u00bb4.25.2&#8243; _module_preset=\u00bbdefault\u00bb global_colors_info=\u00bb{}\u00bb theme_builder_area=\u00bbpost_content\u00bb][et_pb_text _builder_version=\u00bb4.25.2&#8243; _module_preset=\u00bbdefault\u00bb hover_enabled=\u00bb0&#8243; global_colors_info=\u00bb{}\u00bb header_3_font=\u00bb|600|||||||\u00bb header_3_text_color=\u00bb#23365F\u00bb header_3_font_size=\u00bb27px\u00bb custom_padding=\u00bb0px||0px||false|false\u00bb custom_margin=\u00bb0px||0px||false|false\u00bb sticky_enabled=\u00bb0&#8243; locked=\u00bboff\u00bb theme_builder_area=\u00bbpost_content\u00bb]<\/p>\n<h3 style=\"text-align: center;\">\u00a1PUNTO DE ACCI\u00d3N!<\/h3>\n<p>[\/et_pb_text][et_pb_text _builder_version=\u00bb4.25.2&#8243; _module_preset=\u00bbdefault\u00bb hover_enabled=\u00bb0&#8243; global_colors_info=\u00bb{}\u00bb theme_builder_area=\u00bbpost_content\u00bb sticky_enabled=\u00bb0&#8243;]<\/p>\n<p style=\"text-align: center;\">Lee el informe original sobre las Normas de Calidad para Padres de Preescolar.<\/p>\n<p>[\/et_pb_text][et_pb_button button_url=\u00bb@ET-DC@eyJkeW5hbWljIjp0cnVlLCJjb250ZW50IjoicG9zdF9saW5rX3VybF9wYWdlIiwic2V0dGluZ3MiOnsicG9zdF9pZCI6IjExNCJ9fQ==@\u00bb url_new_window=\u00bbon\u00bb button_text=\u00bbM\u00e1s informaci\u00f3n y el informe\u00bb button_alignment=\u00bbcenter\u00bb _builder_version=\u00bb4.25.2&#8243; _module_preset=\u00bbdefault\u00bb custom_button=\u00bbon\u00bb button_text_size=\u00bb18px\u00bb hover_enabled=\u00bb0&#8243; global_colors_info=\u00bb{}\u00bb theme_builder_area=\u00bbpost_content\u00bb _dynamic_attributes=\u00bbbutton_url\u00bb sticky_enabled=\u00bb0&#8243;][\/et_pb_button][\/et_pb_column][\/et_pb_row][et_pb_row column_structure=\u00bb3_5,2_5&#8243; _builder_version=\u00bb4.25.2&#8243; _module_preset=\u00bbdefault\u00bb hover_enabled=\u00bb0&#8243; global_colors_info=\u00bb{}\u00bb locked=\u00bboff\u00bb theme_builder_area=\u00bbpost_content\u00bb custom_css_free_form=\u00bb.selector {||  display: flex;||  justify-content: center;||  align-items: center;||}\u00bb sticky_enabled=\u00bb0&#8243; background_color=\u00bb#f4f4f4&#8243; custom_padding=\u00bb|28px||28px|false|true\u00bb custom_margin=\u00bb64px||||false|false\u00bb background_enable_pattern_style=\u00bbon\u00bb background_pattern_style=\u00bbhoneycomb\u00bb background_pattern_color=\u00bbrgba(35,54,95,0.04)\u00bb border_width_bottom=\u00bb5px\u00bb border_color_bottom=\u00bb#23365F\u00bb][et_pb_column type=\u00bb3_5&#8243; _builder_version=\u00bb4.25.2&#8243; _module_preset=\u00bbdefault\u00bb global_colors_info=\u00bb{}\u00bb theme_builder_area=\u00bbpost_content\u00bb][et_pb_image src=\u00bbhttps:\/\/peoplesresearchcouncil.org\/wp-content\/uploads\/2024\/06\/Screenshot-2024-06-25-at-12.46.12-PM.png\u00bb alt=\u00bbPor las madres\u00bb title_text=\u00bbCaptura de pantalla 2024-06-25 a las 12.46.12 PM\u00bb _builder_version=\u00bb4.25.2&#8243; _module_preset=\u00bbdefault\u00bb hover_enabled=\u00bb0&#8243; box_shadow_style=\u00bbpreset3&#8243; global_colors_info=\u00bb{}\u00bb theme_builder_area=\u00bbpost_content\u00bb sticky_enabled=\u00bb0&#8243; background_color=\u00bb#ffffff\u00bb][\/et_pb_image][\/et_pb_column][et_pb_column type=\u00bb2_5&#8243; _builder_version=\u00bb4.25.2&#8243; _module_preset=\u00bbdefault\u00bb global_colors_info=\u00bb{}\u00bb theme_builder_area=\u00bbpost_content\u00bb][et_pb_text _builder_version=\u00bb4.25.2&#8243; _module_preset=\u00bbdefault\u00bb text_font=\u00bbPoppins||||||||\u00bb header_2_font_size=\u00bb28px\u00bb hover_enabled=\u00bb0&#8243; global_colors_info=\u00bb{}\u00bb theme_builder_area=\u00bbpost_content\u00bb sticky_enabled=\u00bb0&#8243; header_2_text_color=\u00bb#23365F\u00bb header_3_text_color=\u00bb#23365F\u00bb header_3_font_size=\u00bb32px\u00bb]<\/p>\n<h3><strong>Por las madres<\/strong><\/h3>\n<p>&nbsp;<\/p>\n<p>[\/et_pb_text][\/et_pb_column][\/et_pb_row][et_pb_row _builder_version=\u00bb4.25.2&#8243; _module_preset=\u00bbdefault\u00bb theme_builder_area=\u00bbpost_content\u00bb][et_pb_column _builder_version=\u00bb4.25.2&#8243; _module_preset=\u00bbdefault\u00bb type=\u00bb4_4&#8243; theme_builder_area=\u00bbpost_content\u00bb][et_pb_text ul_item_indent=\u00bb48px\u00bb ol_position=\u00bboutside\u00bb ol_item_indent=\u00bb50px\u00bb _builder_version=\u00bb4.25.2&#8243; _module_preset=\u00bbdefault\u00bb link_font=\u00bb||||on||||\u00bb ul_line_height=\u00bb1.8em\u00bb header_2_text_color=\u00bb#23365F\u00bb header_2_font_size=\u00bb28px\u00bb header_3_text_color=\u00bb#666666&#8243; header_3_font_size=\u00bb24px\u00bb custom_margin=\u00bb44px||||false|false\u00bb hover_enabled=\u00bb0&#8243; locked=\u00bboff\u00bb global_colors_info=\u00bb{}\u00bb sticky_enabled=\u00bb0&#8243; theme_builder_area=\u00bbpost_content\u00bb]<\/p>\n<h3><b>Antecedentes del proyecto<\/b><\/h3>\n<p><span style=\"font-weight: 400;\">El proyecto By Mothers, realizado por Action4Equity y Atrium Health, busca resolver el problema grave de las diferencias en la salud de madres e hijos en el condado de Forsyth, concentr\u00e1ndose en las vivencias de las madres negras. Con trabajo en equipo y participaci\u00f3n, las madres negras de nuestra comunidad se han convertido en investigadoras activas, capacitadas por nosotros. <\/span><\/p>\n<p>Nuestra metodolog\u00eda<span style=\"font-weight: 400;\"> est\u00e1 guiada por la experiencia de nuestro Equipo de Padres Investigadores, compuesto por madres negras con experiencia de primera mano en los retos del embarazo, el posparto y la primera infancia. Estas madres proporcionan una perspectiva inestimable. Para comprender las experiencias vividas por las madres negras del condado de Forsyth, utilizamos un enfoque de recogida de datos basado en la comunidad. Hicimos una encuesta sobre c\u00f3mo se sienten, qu\u00e9 necesitan y qu\u00e9 les preocupa a las madres negras embarazadas y reci\u00e9n paridas. Tambi\u00e9n organizamos dos grupos donde las madres hablaron sobre sus historias, los problemas que enfrentan y c\u00f3mo mejorar la salud de las madres y los ni\u00f1os. Un evento importante es el T\u00e9 Anual de las Madres, donde celebramos y unimos a las madres negras, reconociendo su fuerza y fortaleciendo nuestra comunidad al compartir lo que hemos descubierto en nuestras investigaciones.<\/span><\/p>\n<p>[\/et_pb_text][et_pb_text ul_item_indent=\u00bb48px\u00bb ol_position=\u00bboutside\u00bb ol_item_indent=\u00bb50px\u00bb _builder_version=\u00bb4.25.2&#8243; _module_preset=\u00bbdefault\u00bb link_font=\u00bb||||on||||\u00bb ul_line_height=\u00bb1.8em\u00bb header_2_text_color=\u00bb#23365F\u00bb header_2_font_size=\u00bb28px\u00bb header_3_text_color=\u00bb#666666&#8243; header_3_font_size=\u00bb24px\u00bb custom_margin=\u00bb44px||||false|false\u00bb hover_enabled=\u00bb0&#8243; locked=\u00bboff\u00bb global_colors_info=\u00bb{}\u00bb sticky_enabled=\u00bb0&#8243; theme_builder_area=\u00bbpost_content\u00bb]<\/p>\n<h3><b>El equipo de investigaci\u00f3n de By Mothers<\/b><\/h3>\n<p><b><\/b><\/p>\n<p><b><\/b><\/p>\n<ul>\n<li><span style=\"font-weight: 400;\">Tiara Morris<\/span><\/li>\n<li><span style=\"font-weight: 400;\">Sharlee Hainesworth<\/span><\/li>\n<li><span style=\"font-weight: 400;\">Alexandria Blair<\/span><\/li>\n<li><span style=\"font-weight: 400;\">Michelle Carmichael<\/span><\/li>\n<li><span style=\"font-weight: 400;\">Shantae Graham<\/span><\/li>\n<li><span style=\"font-weight: 400;\">Shaadia Moore<\/span><\/li>\n<li><span style=\"font-weight: 400;\">Nicole Howard<\/span><\/li>\n<li><span style=\"font-weight: 400;\">Kayla Kizzie<\/span><\/li>\n<li><span style=\"font-weight: 400;\">Terrae McMiller<\/span><\/li>\n<li><span style=\"font-weight: 400;\">Maggie Z\u00e1rate<\/span><\/li>\n<\/ul>\n<p>[\/et_pb_text][et_pb_text ul_item_indent=\u00bb48px\u00bb ol_position=\u00bboutside\u00bb ol_item_indent=\u00bb50px\u00bb _builder_version=\u00bb4.25.2&#8243; _module_preset=\u00bbdefault\u00bb link_font=\u00bb||||on||||\u00bb ul_line_height=\u00bb1.8em\u00bb header_2_text_color=\u00bb#23365F\u00bb header_2_font_size=\u00bb28px\u00bb header_3_text_color=\u00bb#666666&#8243; header_3_font_size=\u00bb24px\u00bb custom_margin=\u00bb44px||||false|false\u00bb hover_enabled=\u00bb0&#8243; locked=\u00bboff\u00bb global_colors_info=\u00bb{}\u00bb sticky_enabled=\u00bb0&#8243; theme_builder_area=\u00bbpost_content\u00bb]<\/p>\n<h3><b>Objetivos del proyecto<\/b><\/h3>\n<p>Nuestros objetivos<span style=\"font-weight: 400;\"> son potenciar las madres negras para que hablen y sean investigadoras, asegurando que lo que han vivido influya en las decisiones pol\u00edticas y pr\u00e1ctica Nuestro objetivo es descubrir los problemas y las desigualdades sist\u00e9micas que impactan la salud de madres e hijos en el condado de Forsyth. Usando lo que aprendemos, hacemos cambios y encontramos soluciones que ayudan a las mam\u00e1s negras con lo que necesitan.<\/span><\/p>\n<p>[\/et_pb_text][et_pb_text ul_item_indent=\u00bb48px\u00bb ol_position=\u00bboutside\u00bb ol_item_indent=\u00bb50px\u00bb _builder_version=\u00bb4.25.2&#8243; _module_preset=\u00bbdefault\u00bb link_font=\u00bb||||on||||\u00bb ul_line_height=\u00bb1.8em\u00bb header_2_text_color=\u00bb#23365F\u00bb header_2_font_size=\u00bb28px\u00bb header_3_text_color=\u00bb#666666&#8243; header_3_font_size=\u00bb24px\u00bb custom_margin=\u00bb44px||||false|false\u00bb hover_enabled=\u00bb0&#8243; locked=\u00bboff\u00bb global_colors_info=\u00bb{}\u00bb sticky_enabled=\u00bb0&#8243; theme_builder_area=\u00bbpost_content\u00bb]<\/p>\n<h3><b>Pr\u00f3ximos pasos<\/b><\/h3>\n<p><span style=\"font-weight: 400;\">Se han revisado los resultados de la investigaci\u00f3n y se compartir\u00e1n a trav\u00e9s de informes, presentaciones y reuniones en la comunidad. Nos comprometemos a trabajar juntos con los m\u00e9dicos, los pol\u00edticos y los grupos de la comunidad para ayudar a las mam\u00e1s negras y sus hijos. Vamos a usar lo que aprendimos para hacer que las cosas mejoren en Forsyth y otros lugares.<\/span><\/p>\n<p>[\/et_pb_text][\/et_pb_column][\/et_pb_row][et_pb_row _builder_version=\u00bb4.25.2&#8243; _module_preset=\u00bbdefault\u00bb column_structure=\u00bb2_5,3_5&#8243; theme_builder_area=\u00bbpost_content\u00bb][et_pb_column _builder_version=\u00bb4.25.2&#8243; _module_preset=\u00bbdefault\u00bb type=\u00bb2_5&#8243; theme_builder_area=\u00bbpost_content\u00bb][et_pb_image src=\u00bbhttps:\/\/peoplesresearchcouncil.org\/wp-content\/uploads\/2023\/12\/FFP-Researcher-Graduation-2023-9.jpg\u00bb _builder_version=\u00bb4.25.2&#8243; _module_preset=\u00bbdefault\u00bb theme_builder_area=\u00bbpost_content\u00bb title_text=\u00bbInvestigador FFP Graduaci\u00f3n 2023 (9)\u00bb border_radii=\u00bbon|316px|316px|316px|316px\u00bb hover_enabled=\u00bb0&#8243; sticky_enabled=\u00bb0&#8243;][\/et_pb_image][\/et_pb_column][et_pb_column _builder_version=\u00bb4.25.2&#8243; _module_preset=\u00bbdefault\u00bb type=\u00bb3_5&#8243; theme_builder_area=\u00bbpost_content\u00bb][et_pb_text _builder_version=\u00bb4.25.2&#8243; _module_preset=\u00bbdefault\u00bb theme_builder_area=\u00bbpost_content\u00bb hover_enabled=\u00bb0&#8243; sticky_enabled=\u00bb0&#8243;]<\/p>\n<p><i><span style=\"font-weight: 400;\">\u00abCada mam\u00e1 y cada ni\u00f1o merecen empezar su vida de manera saludable. Cuando cuidamos a las mam\u00e1s, cuidamos tambi\u00e9n a los ni\u00f1os. Su salud es muy importante para todos nosotros.\u00bb <\/span><\/i><\/p>\n<p><span style=\"font-weight: 400;\">&#8211; Tiara Morris<\/span><span style=\"font-weight: 400;\">, <\/span><span style=\"font-weight: 400;\">CD, CBE, CBC, CPD; Apoyo Maternal Total<\/span><\/p>\n<p>[\/et_pb_text][\/et_pb_column][\/et_pb_row][et_pb_row _builder_version=\u00bb4.25.2&#8243; _module_preset=\u00bbdefault\u00bb custom_padding=\u00bb|28px||28px|false|true\u00bb global_colors_info=\u00bb{}\u00bb column_structure=\u00bb1_2,1_2&#8243; locked=\u00bboff\u00bb theme_builder_area=\u00bbpost_content\u00bb sticky_enabled=\u00bb0&#8243; custom_css_free_form=\u00bb.selector {||  display: flex;||  justify-content: center;||  align-items: center;||}\u00bb background_color=\u00bb#ffffff\u00bb custom_margin=\u00bb1px|auto||auto|false|false\u00bb background_enable_pattern_style=\u00bbon\u00bb background_pattern_style=\u00bbzig-zag-2&#8243; background_pattern_color=\u00bbrgba(35,54,95,0.04)\u00bb border_width_all=\u00bb2px\u00bb border_color_all=\u00bb#e8e8e8&#8243; hover_enabled=\u00bb0&#8243;][et_pb_column type=\u00bb1_2&#8243; _builder_version=\u00bb4.25.2&#8243; _module_preset=\u00bbdefault\u00bb global_colors_info=\u00bb{}\u00bb theme_builder_area=\u00bbpost_content\u00bb][et_pb_text _builder_version=\u00bb4.25.2&#8243; _module_preset=\u00bbdefault\u00bb hover_enabled=\u00bb0&#8243; global_colors_info=\u00bb{}\u00bb header_3_font=\u00bb|600|||||||\u00bb header_3_text_color=\u00bb#23365F\u00bb header_3_font_size=\u00bb27px\u00bb custom_padding=\u00bb0px||0px||false|false\u00bb custom_margin=\u00bb0px||0px||false|false\u00bb sticky_enabled=\u00bb0&#8243; locked=\u00bboff\u00bb theme_builder_area=\u00bbpost_content\u00bb]<\/p>\n<h3 style=\"text-align: center;\">\u00a1PUNTO DE ACCI\u00d3N!<\/h3>\n<p>[\/et_pb_text][et_pb_text _builder_version=\u00bb4.25.2&#8243; _module_preset=\u00bbdefault\u00bb hover_enabled=\u00bb0&#8243; global_colors_info=\u00bb{}\u00bb theme_builder_area=\u00bbpost_content\u00bb sticky_enabled=\u00bb0&#8243;]<\/p>\n<p style=\"text-align: center;\">Sigue a \u00abBy Mothers\u00bb en Instagram<\/p>\n<p>[\/et_pb_text][et_pb_button button_url=\u00bbhttps:\/\/www.instagram.com\/bymothersws\/\u00bb url_new_window=\u00bbon\u00bb button_text=\u00bbPor Madres en Instagram\u00bb button_alignment=\u00bbcenter\u00bb _builder_version=\u00bb4.25.2&#8243; _module_preset=\u00bbdefault\u00bb custom_button=\u00bbon\u00bb button_text_size=\u00bb18px\u00bb hover_enabled=\u00bb0&#8243; global_colors_info=\u00bb{}\u00bb theme_builder_area=\u00bbpost_content\u00bb sticky_enabled=\u00bb0&#8243;][\/et_pb_button][\/et_pb_column][et_pb_column type=\u00bb1_2&#8243; _builder_version=\u00bb4.25.2&#8243; _module_preset=\u00bbdefault\u00bb global_colors_info=\u00bb{}\u00bb theme_builder_area=\u00bbpost_content\u00bb][et_pb_image src=\u00bbhttps:\/\/peoplesresearchcouncil.org\/wp-content\/uploads\/2024\/06\/Screenshot-2024-06-26-at-3.19.31-PM.png\u00bb _builder_version=\u00bb4.25.2&#8243; _module_preset=\u00bbdefault\u00bb theme_builder_area=\u00bbpost_content\u00bb alt=\u00bbC\u00f3digo QR para By Mothers instagram\u00bb title_text=\u00bbCaptura de pantalla 2024-06-26 a las 3.19.31 PM\u00bb hover_enabled=\u00bb0&#8243; sticky_enabled=\u00bb0&#8243; module_alignment=\u00bbcenter\u00bb width=\u00bb60%\u00bb][\/et_pb_image][\/et_pb_column][\/et_pb_row][\/et_pb_section][et_pb_section fb_built=\u00bb1&#8243; theme_builder_area=\u00bbpost_content\u00bb _builder_version=\u00bb4.25.2&#8243; _module_preset=\u00bbdefault\u00bb module_id=\u00bbgobernanza\u00bb hover_enabled=\u00bb0&#8243; sticky_enabled=\u00bb0&#8243;][et_pb_row _builder_version=\u00bb4.25.2&#8243; _module_preset=\u00bbdefault\u00bb theme_builder_area=\u00bbpost_content\u00bb][et_pb_column _builder_version=\u00bb4.25.2&#8243; _module_preset=\u00bbdefault\u00bb type=\u00bb4_4&#8243; theme_builder_area=\u00bbpost_content\u00bb][et_pb_text ul_item_indent=\u00bb48px\u00bb ol_position=\u00bboutside\u00bb ol_item_indent=\u00bb50px\u00bb module_id=\u00bbengage\u00bb _builder_version=\u00bb4.25.2&#8243; _module_preset=\u00bbdefault\u00bb link_font=\u00bb||||on||||\u00bb ul_line_height=\u00bb1.8em\u00bb header_2_text_color=\u00bb#23365F\u00bb header_2_font_size=\u00bb28px\u00bb custom_margin=\u00bb2px||||false|false\u00bb hover_enabled=\u00bb0&#8243; locked=\u00bboff\u00bb global_colors_info=\u00bb{}\u00bb theme_builder_area=\u00bbpost_content\u00bb sticky_enabled=\u00bb0&#8243;]<\/p>\n<h2><b>Gobernanza del Consejo del Peoples&#8217; Research Council<\/b><\/h2>\n<p>[\/et_pb_text][et_pb_text ul_item_indent=\u00bb48px\u00bb ol_position=\u00bboutside\u00bb ol_item_indent=\u00bb50px\u00bb module_id=\u00bbengage\u00bb _builder_version=\u00bb4.25.2&#8243; _module_preset=\u00bbdefault\u00bb link_font=\u00bb||||on||||\u00bb ul_line_height=\u00bb1.8em\u00bb header_2_text_color=\u00bb#23365F\u00bb header_2_font_size=\u00bb28px\u00bb custom_margin=\u00bb2px||||false|false\u00bb hover_enabled=\u00bb0&#8243; locked=\u00bboff\u00bb global_colors_info=\u00bb{}\u00bb theme_builder_area=\u00bbpost_content\u00bb sticky_enabled=\u00bb0&#8243;]<\/p>\n<p><span style=\"font-weight: 400;\">El <\/span><b>Consejo Provisional de Gobernanza<\/b><span style=\"font-weight: 400;\"> Es un grupo en el PRC que toma decisiones importantes para todos los proyectos, y tambi\u00e9n ayuda con otras tareas importantes para el grupo en general. El Consejo de Gobernanza \u00abProvisional\u00bb es un grupo de personas de la comunidad elegidas por Action4Equity para liderar por un tiempo. Est\u00e1n trabajando en establecer las reglas y formar completamente el Consejo de Gobernanza. El CGP desempe\u00f1ar\u00e1 la funci\u00f3n de gobernanza hasta que esta autoridad se transfiera oficialmente al Consejo de Gobernanza. <\/span><\/p>\n<p>[\/et_pb_text][et_pb_text ul_item_indent=\u00bb48px\u00bb ol_position=\u00bboutside\u00bb ol_item_indent=\u00bb50px\u00bb module_id=\u00bbengage\u00bb _builder_version=\u00bb4.25.2&#8243; _module_preset=\u00bbdefault\u00bb link_font=\u00bb||||on||||\u00bb ul_line_height=\u00bb1.8em\u00bb header_2_text_color=\u00bb#23365F\u00bb header_2_font_size=\u00bb28px\u00bb custom_margin=\u00bb44px||||false|false\u00bb locked=\u00bboff\u00bb global_colors_info=\u00bb{}\u00bb theme_builder_area=\u00bbpost_content\u00bb sticky_enabled=\u00bb0&#8243; header_3_text_color=\u00bb#666666&#8243; header_3_font_size=\u00bb24px\u00bb]<\/p>\n<h3><strong>Miembros provisionales del Consejo de Gobernanza<\/strong><\/h3>\n<ul>\n<li style=\"font-weight: 400;\" aria-level=\"1\"><span style=\"font-weight: 400;\">Paula McCoy<\/span><\/li>\n<li style=\"font-weight: 400;\" aria-level=\"1\"><span style=\"font-weight: 400;\">Marc Madrigal<\/span><\/li>\n<li style=\"font-weight: 400;\" aria-level=\"1\"><span style=\"font-weight: 400;\">Tembila Covington<\/span><\/li>\n<li style=\"font-weight: 400;\" aria-level=\"1\"><span style=\"font-weight: 400;\">Cheryl Harry<\/span><\/li>\n<li style=\"font-weight: 400;\" aria-level=\"1\"><span style=\"font-weight: 400;\">Ismael Hern\u00e1ndez<\/span><\/li>\n<li style=\"font-weight: 400;\" aria-level=\"1\"><span style=\"font-weight: 400;\">Regina Hall<\/span><\/li>\n<\/ul>\n<p>[\/et_pb_text][et_pb_text ul_item_indent=\u00bb48px\u00bb ol_position=\u00bboutside\u00bb ol_item_indent=\u00bb50px\u00bb module_id=\u00bbengage\u00bb _builder_version=\u00bb4.25.2&#8243; _module_preset=\u00bbdefault\u00bb link_font=\u00bb||||on||||\u00bb ul_line_height=\u00bb1.8em\u00bb header_2_text_color=\u00bb#23365F\u00bb header_2_font_size=\u00bb28px\u00bb custom_margin=\u00bb44px||||false|false\u00bb locked=\u00bboff\u00bb global_colors_info=\u00bb{}\u00bb theme_builder_area=\u00bbpost_content\u00bb sticky_enabled=\u00bb0&#8243; header_3_text_color=\u00bb#666666&#8243; header_3_font_size=\u00bb24px\u00bb hover_enabled=\u00bb0&#8243;]<\/p>\n<h3><strong>\u00bfTe interesa ser parte del Consejo de Gobernanza?<\/strong><\/h3>\n<p><span style=\"font-weight: 400;\">El Consejo Provisional de Gobierno trabaja actualmente con apoyo del personal para desarrollar y aplicar los estatutos en el verano de 2024. Se iniciar\u00e1 una fase de contrataci\u00f3n para cubrir los puestos vacantes de representantes del Consejo de Gobierno. Si est\u00e1s interesado en formar parte del Consejo de Gobierno, rellena el siguiente formulario de inter\u00e9s <\/span><span style=\"font-weight: 400;\">y reserva la fecha para una de nuestras pr\u00f3ximas reuniones informativas<\/span><\/p>\n<ul>\n<li style=\"font-weight: 400;\" aria-level=\"1\"><span style=\"font-weight: 400;\">2 de julio de 5-7 PM<\/span><\/li>\n<li style=\"font-weight: 400;\" aria-level=\"1\"><span style=\"font-weight: 400;\">13 de agosto de 5-7PM<\/span><\/li>\n<li style=\"font-weight: 400;\" aria-level=\"1\"><span style=\"font-weight: 400;\">5 de septiembre de 5-7PM<\/span><\/li>\n<\/ul>\n<p><span style=\"font-weight: 400;\">Unirse a la <\/span><a href=\"https:\/\/mailchi.mp\/peoplesresearchcouncil\/prc-mailing-list-sign-up\"><span style=\"font-weight: 400;\">Lista de correo del Consejo Popular de Investigaci\u00f3n<\/span><\/a><span style=\"font-weight: 400;\"> es la mejor manera de estar informado sobre los pr\u00f3ximos eventos y oportunidades. Si tienes preguntas sobre el Consejo de Gobernanza, ponte en contacto con <\/span><a href=\"mailto:info@peoplesresearchcouncil.org\"><span style=\"font-weight: 400;\">info@peoplesresearchcouncil.org<\/span><\/a><span style=\"font-weight: 400;\">.<\/span><\/p>\n<p>[\/et_pb_text][\/et_pb_column][\/et_pb_row][et_pb_row _builder_version=\u00bb4.25.2&#8243; _module_preset=\u00bbdefault\u00bb custom_padding=\u00bb45px|37px|45px|37px|true|true\u00bb box_shadow_style=\u00bbpreset3&#8243; box_shadow_spread=\u00bb-16px\u00bb global_colors_info=\u00bb{}\u00bb background_color=\u00bb#f7f7f7&#8243; background_enable_pattern_style=\u00bbon\u00bb background_pattern_style=\u00bbsmiles\u00bb background_pattern_color=\u00bbrgba(35,54,95,0.04)\u00bb locked=\u00bboff\u00bb theme_builder_area=\u00bbpost_content\u00bb][et_pb_column type=\u00bb4_4&#8243; _builder_version=\u00bb4.25.2&#8243; _module_preset=\u00bbdefault\u00bb global_colors_info=\u00bb{}\u00bb theme_builder_area=\u00bbpost_content\u00bb][et_pb_text _builder_version=\u00bb4.25.2&#8243; _module_preset=\u00bbdefault\u00bb hover_enabled=\u00bb0&#8243; global_colors_info=\u00bb{}\u00bb header_3_font=\u00bb|600|||||||\u00bb header_3_text_color=\u00bb#23365F\u00bb header_3_font_size=\u00bb27px\u00bb custom_padding=\u00bb0px||0px||false|false\u00bb custom_margin=\u00bb0px||0px||false|false\u00bb sticky_enabled=\u00bb0&#8243; theme_builder_area=\u00bbpost_content\u00bb]<\/p>\n<h3 style=\"text-align: center;\">\u00a1PUNTO DE ACCI\u00d3N!<\/h3>\n<p>[\/et_pb_text][et_pb_text _builder_version=\u00bb4.25.2&#8243; _module_preset=\u00bbdefault\u00bb hover_enabled=\u00bb0&#8243; global_colors_info=\u00bb{}\u00bb theme_builder_area=\u00bbpost_content\u00bb sticky_enabled=\u00bb0&#8243;]<\/p>\n<p style=\"text-align: center;\">\u00a1Haz clic en el bot\u00f3n para saber m\u00e1s y rellena el formulario de inter\u00e9s!<\/p>\n<p>[\/et_pb_text][et_pb_button button_url=\u00bbhttps:\/\/docs.google.com\/forms\/d\/e\/1FAIpQLSelCE8AcwVIXn7oXqbgPBwVF0LaxdNBKt8a0MT2tZtPHkQJxQ\/viewform?usp=sf_link\u00bb url_new_window=\u00bbon\u00bb button_text=\u00bbFormulario de inter\u00e9s del Consejo de Gobernanza\u00bb button_alignment=\u00bbcenter\u00bb _builder_version=\u00bb4.25.2&#8243; _module_preset=\u00bbdefault\u00bb custom_button=\u00bbon\u00bb button_text_size=\u00bb18px\u00bb hover_enabled=\u00bb0&#8243; global_colors_info=\u00bb{}\u00bb theme_builder_area=\u00bbpost_content\u00bb sticky_enabled=\u00bb0&#8243;][\/et_pb_button][\/et_pb_column][\/et_pb_row][\/et_pb_section][et_pb_section fb_built=\u00bb1&#8243; theme_builder_area=\u00bbpost_content\u00bb _builder_version=\u00bb4.25.2&#8243; _module_preset=\u00bbdefault\u00bb module_id=\u00bbgracias\u00bb hover_enabled=\u00bb0&#8243; sticky_enabled=\u00bb0&#8243;][et_pb_row _builder_version=\u00bb4.25.2&#8243; _module_preset=\u00bbdefault\u00bb theme_builder_area=\u00bbpost_content\u00bb][et_pb_column _builder_version=\u00bb4.25.2&#8243; _module_preset=\u00bbdefault\u00bb type=\u00bb4_4&#8243; theme_builder_area=\u00bbpost_content\u00bb][et_pb_text ul_item_indent=\u00bb48px\u00bb ol_position=\u00bboutside\u00bb ol_item_indent=\u00bb50px\u00bb module_id=\u00bbengage\u00bb _builder_version=\u00bb4.25.2&#8243; _module_preset=\u00bbdefault\u00bb link_font=\u00bb||||on||||\u00bb ul_line_height=\u00bb1.8em\u00bb header_2_text_color=\u00bb#23365F\u00bb header_2_font_size=\u00bb28px\u00bb custom_margin=\u00bb2px||||false|false\u00bb hover_enabled=\u00bb0&#8243; locked=\u00bboff\u00bb global_colors_info=\u00bb{}\u00bb theme_builder_area=\u00bbpost_content\u00bb sticky_enabled=\u00bb0&#8243;]<\/p>\n<h2><b>Agradecimientos especiales<\/b><\/h2>\n<p>[\/et_pb_text][et_pb_text ul_item_indent=\u00bb48px\u00bb ol_position=\u00bboutside\u00bb ol_item_indent=\u00bb50px\u00bb module_id=\u00bbengage\u00bb _builder_version=\u00bb4.25.2&#8243; _module_preset=\u00bbdefault\u00bb link_font=\u00bb||||on||||\u00bb ul_line_height=\u00bb1.8em\u00bb header_2_text_color=\u00bb#23365F\u00bb header_2_font_size=\u00bb28px\u00bb custom_margin=\u00bb44px||||false|false\u00bb locked=\u00bboff\u00bb global_colors_info=\u00bb{}\u00bb theme_builder_area=\u00bbpost_content\u00bb sticky_enabled=\u00bb0&#8243; header_3_text_color=\u00bb#666666&#8243; header_3_font_size=\u00bb24px\u00bb]<\/p>\n<h3><span style=\"font-weight: 400;\"><b>Grupo de Trabajo de Comunicaci\u00f3n y Participaci\u00f3n<\/b><\/span><\/h3>\n<p><span style=\"font-weight: 400;\">El <\/span>Grupo de Trabajo de Comunicaci\u00f3n y Participaci\u00f3n<span style=\"font-weight: 400;\"> Es un grupo comprometido de l\u00edderes comunitarios que generosamente dedican su tiempo para ofrecer liderazgo colectivo, habilidades cr\u00edticas y apoyo necesario para facilitar la funci\u00f3n de recopilaci\u00f3n de opiniones de la comunidad en el Peoples&#8217; Research Council. Les agradecemos sinceramente su tiempo y esfuerzo para ayudar al PRC desarrollar su potencial:<\/span><\/p>\n<p><span style=\"font-weight: 400;\"><\/span><\/p>\n<ul>\n<li style=\"font-weight: 400;\" aria-level=\"1\"><span style=\"font-weight: 400;\">Xavier Acu\u00f1a<\/span><\/li>\n<li style=\"font-weight: 400;\" aria-level=\"1\"><span style=\"font-weight: 400;\">Michael Banner<\/span><\/li>\n<li style=\"font-weight: 400;\" aria-level=\"1\"><span style=\"font-weight: 400;\">Marc Madrigal<\/span><\/li>\n<li style=\"font-weight: 400;\" aria-level=\"1\"><span style=\"font-weight: 400;\">Marquita Wisley<\/span><\/li>\n<li style=\"font-weight: 400;\" aria-level=\"1\"><span style=\"font-weight: 400;\">Renai Wisley<\/span><\/li>\n<\/ul>\n<p>[\/et_pb_text][et_pb_text ul_item_indent=\u00bb48px\u00bb ol_position=\u00bboutside\u00bb ol_item_indent=\u00bb50px\u00bb module_id=\u00bbengage\u00bb _builder_version=\u00bb4.25.2&#8243; _module_preset=\u00bbdefault\u00bb link_font=\u00bb||||on||||\u00bb ul_line_height=\u00bb1.8em\u00bb header_2_text_color=\u00bb#23365F\u00bb header_2_font_size=\u00bb28px\u00bb custom_margin=\u00bb44px||||false|false\u00bb locked=\u00bboff\u00bb global_colors_info=\u00bb{}\u00bb theme_builder_area=\u00bbpost_content\u00bb sticky_enabled=\u00bb0&#8243; header_3_text_color=\u00bb#666666&#8243; header_3_font_size=\u00bb24px\u00bb hover_enabled=\u00bb0&#8243;]<\/p>\n<h3><b>Nuestra Oportunidad de Amar + Sanar Asociaci\u00f3n<\/b><span style=\"font-weight: 400;\"> <\/span><\/h3>\n<p><span style=\"font-weight: 400;\">Lo m\u00e1s importante para el Peoples&#8217; Research Council es trabajar juntos con la comunidad para usar las reuniones de Puertas Abiertas y otros eventos para escuchar sus ideas y mejorar nuestro trabajo. Nos gustar\u00eda destacar y agradecer a Nuestra Oportunidad de Amar + Sanar Asociaci\u00f3n por su colaboraci\u00f3n con el PRC en la Jornada de Puertas Abiertas del 27 de junio 2024. Este evento de la comunidad es especial gracias a su ayuda.<\/span><\/p>\n<p>[\/et_pb_text][\/et_pb_column][\/et_pb_row][\/et_pb_section]<\/p>\n<span class=\"et_bloom_bottom_trigger\"><\/span>","protected":false},"excerpt":{"rendered":"<p>\u00bfC\u00f3mo puede la investigaci\u00f3n mejorar nuestra comunidad para todos?Navega por secciones: Introducci\u00f3n, Nuestro equipo, Como Participar, Informacion sobre los proyectos, Gobernanza, Agradecimientos EspecialesInvestigaci\u00f3n impulsada por la comunidad en beneficio de las personas &nbsp; nvestigaci\u00f3n nos ayuda a entender mejor el mundo, las personas, las culturas y muchos otros aspectos de la vida. Nos ayuda entender [&hellip;]<\/p>\n","protected":false},"author":2,"featured_media":715,"comment_status":"closed","ping_status":"closed","sticky":false,"template":"","format":"standard","meta":{"_et_pb_use_builder":"on","_et_pb_old_content":"","_et_gb_content_width":"","_coblocks_attr":"","_coblocks_dimensions":"","_coblocks_responsive_height":"","_coblocks_accordion_ie_support":"","footnotes":""},"categories":[23],"tags":[],"class_list":["post-775","post","type-post","status-publish","format-standard","has-post-thumbnail","hentry","category-jornada-de-puertas-abiertas"],"_links":{"self":[{"href":"https:\/\/peoplesresearchcouncil.org\/es\/wp-json\/wp\/v2\/posts\/775","targetHints":{"allow":["GET"]}}],"collection":[{"href":"https:\/\/peoplesresearchcouncil.org\/es\/wp-json\/wp\/v2\/posts"}],"about":[{"href":"https:\/\/peoplesresearchcouncil.org\/es\/wp-json\/wp\/v2\/types\/post"}],"author":[{"embeddable":true,"href":"https:\/\/peoplesresearchcouncil.org\/es\/wp-json\/wp\/v2\/users\/2"}],"replies":[{"embeddable":true,"href":"https:\/\/peoplesresearchcouncil.org\/es\/wp-json\/wp\/v2\/comments?post=775"}],"version-history":[{"count":5,"href":"https:\/\/peoplesresearchcouncil.org\/es\/wp-json\/wp\/v2\/posts\/775\/revisions"}],"predecessor-version":[{"id":781,"href":"https:\/\/peoplesresearchcouncil.org\/es\/wp-json\/wp\/v2\/posts\/775\/revisions\/781"}],"wp:featuredmedia":[{"embeddable":true,"href":"https:\/\/peoplesresearchcouncil.org\/es\/wp-json\/wp\/v2\/media\/715"}],"wp:attachment":[{"href":"https:\/\/peoplesresearchcouncil.org\/es\/wp-json\/wp\/v2\/media?parent=775"}],"wp:term":[{"taxonomy":"category","embeddable":true,"href":"https:\/\/peoplesresearchcouncil.org\/es\/wp-json\/wp\/v2\/categories?post=775"},{"taxonomy":"post_tag","embeddable":true,"href":"https:\/\/peoplesresearchcouncil.org\/es\/wp-json\/wp\/v2\/tags?post=775"}],"curies":[{"name":"wp","href":"https:\/\/api.w.org\/{rel}","templated":true}]}}